{"id":2014,"date":"2026-03-10T12:26:10","date_gmt":"2026-03-10T11:26:10","guid":{"rendered":"https:\/\/manager.pwsztar.edu.pl\/?p=2014"},"modified":"2026-03-13T23:33:27","modified_gmt":"2026-03-13T22:33:27","slug":"rachunkowosc-fundacji-i-stowarzyszen","status":"publish","type":"post","link":"https:\/\/manager.pwsztar.edu.pl\/?p=2014","title":{"rendered":"Rachunkowo\u015b\u0107 fundacji i stowarzysze\u0144"},"content":{"rendered":"<p>Serdecznie zapraszamy na wyk\u0142ad pt.:<\/p>\n<p>&nbsp;<\/p>\n<ol>\n<li>&#x1f393; \u201eRachunkowo\u015b\u0107 fundacji i stowarzysze\u0144\u201d<\/li>\n<\/ol>\n<p>&nbsp;<\/p>\n<p>Wyk\u0142ad poprowadzi dr Pawe\u0142 Zieniuk \u2013 Wiceprezes Zarz\u0105du G\u0142\u00f3wnego SKwP.<\/p>\n<p>&nbsp;<\/p>\n<p>&#x1f4c5; 16 marca 2026 r.<\/p>\n<p>&#x23f0; godz. 13:15<\/p>\n<p>&#x1f4cd; sala 024B<\/p>\n<p>&nbsp;<\/p>\n<p>Podczas spotkania b\u0119dzie mo\u017cna dowiedzie\u0107 si\u0119 wi\u0119cej o specyfice rachunkowo\u015bci w organizacjach pozarz\u0105dowych, w szczeg\u00f3lno\u015bci w fundacjach i stowarzyszeniach.<\/p>\n<p>&nbsp;<\/p>\n<p>Serdecznie zapraszamy wszystkich zainteresowanych! &#x1f4ca;<\/p>\n<p><a href=\"https:\/\/manager.pwsztar.edu.pl\/wp-content\/uploads\/Facebook_story-1.png\"><img loading=\"lazy\" class=\"alignnone size-medium wp-image-2027\" src=\"https:\/\/manager.pwsztar.edu.pl\/wp-content\/uploads\/Facebook_story-1-169x300.png\" alt=\"\" width=\"169\" height=\"300\" srcset=\"https:\/\/manager.pwsztar.edu.pl\/wp-content\/uploads\/Facebook_story-1-169x300.png 169w, https:\/\/manager.pwsztar.edu.pl\/wp-content\/uploads\/Facebook_story-1-576x1024.png 576w, https:\/\/manager.pwsztar.edu.pl\/wp-content\/uploads\/Facebook_story-1-768x1365.png 768w, https:\/\/manager.pwsztar.edu.pl\/wp-content\/uploads\/Facebook_story-1.png 810w\" sizes=\"(max-width: 169px) 100vw, 169px\" \/><\/a><\/p>\n<p>&nbsp;<\/p>\n","protected":false},"excerpt":{"rendered":"<p>Serdecznie zapraszamy na wyk\u0142ad pt.: &nbsp; &#x1f393; \u201eRachunkowo\u015b\u0107 fundacji i stowarzysze\u0144\u201d &nbsp; Wyk\u0142ad poprowadzi dr Pawe\u0142 Zieniuk \u2013 Wiceprezes Zarz\u0105du G\u0142\u00f3wnego SKwP. &nbsp; &#x1f4c5; 16 marca 2026 r. &#x23f0; godz. 13:15 &#x1f4cd; sala 024B &nbsp; Podczas spotkania b\u0119dzie mo\u017cna dowiedzie\u0107 si\u0119 wi\u0119cej o specyfice rachunkowo\u015bci w organizacjach pozarz\u0105dowych, w szczeg\u00f3lno\u015bci w fundacjach i stowarzyszeniach. &nbsp; [&hellip;]<\/p>\n","protected":false},"author":12,"featured_media":2015,"comment_status":"closed","ping_status":"open","sticky":false,"template":"","format":"standard","meta":{"ngg_post_thumbnail":0},"categories":[1],"tags":[],"_links":{"self":[{"href":"https:\/\/manager.pwsztar.edu.pl\/index.php?rest_route=\/wp\/v2\/posts\/2014"}],"collection":[{"href":"https:\/\/manager.pwsztar.edu.pl\/index.php?rest_route=\/wp\/v2\/posts"}],"about":[{"href":"https:\/\/manager.pwsztar.edu.pl\/index.php?rest_route=\/wp\/v2\/types\/post"}],"author":[{"embeddable":true,"href":"https:\/\/manager.pwsztar.edu.pl\/index.php?rest_route=\/wp\/v2\/users\/12"}],"replies":[{"embeddable":true,"href":"https:\/\/manager.pwsztar.edu.pl\/index.php?rest_route=%2Fwp%2Fv2%2Fcomments&post=2014"}],"version-history":[{"count":2,"href":"https:\/\/manager.pwsztar.edu.pl\/index.php?rest_route=\/wp\/v2\/posts\/2014\/revisions"}],"predecessor-version":[{"id":2028,"href":"https:\/\/manager.pwsztar.edu.pl\/index.php?rest_route=\/wp\/v2\/posts\/2014\/revisions\/2028"}],"wp:featuredmedia":[{"embeddable":true,"href":"https:\/\/manager.pwsztar.edu.pl\/index.php?rest_route=\/wp\/v2\/media\/2015"}],"wp:attachment":[{"href":"https:\/\/manager.pwsztar.edu.pl\/index.php?rest_route=%2Fwp%2Fv2%2Fmedia&parent=2014"}],"wp:term":[{"taxonomy":"category","embeddable":true,"href":"https:\/\/manager.pwsztar.edu.pl\/index.php?rest_route=%2Fwp%2Fv2%2Fcategories&post=2014"},{"taxonomy":"post_tag","embeddable":true,"href":"https:\/\/manager.pwsztar.edu.pl\/index.php?rest_route=%2Fwp%2Fv2%2Ftags&post=2014"}],"curies":[{"name":"wp","href":"https:\/\/api.w.org\/{rel}","templated":true}]}}